{"id":4796,"date":"2026-02-09T18:21:30","date_gmt":"2026-02-09T17:21:30","guid":{"rendered":"https:\/\/dil-93.hr\/cro\/?p=4796"},"modified":"2026-07-01T13:15:34","modified_gmt":"2026-07-01T11:15:34","slug":"slijednost-racuna-azurirano-5-2-2026","status":"publish","type":"post","link":"https:\/\/dil-93.hr\/cro\/slijednost-racuna-azurirano-5-2-2026\/","title":{"rendered":"Slijednost ra\u010duna (A\u017eurirano 5.2.2026.)"},"content":{"rendered":"<style>.kb-image4796_4e721d-57 .kb-image-has-overlay:after{opacity:0.3;}<\/style>\n<figure class=\"wp-block-kadence-image kb-image4796_4e721d-57\"><img loading=\"lazy\" decoding=\"async\" width=\"1536\" height=\"1024\" src=\"https:\/\/dil-93.hr\/cro\/wp-content\/uploads\/2026\/02\/Porezna-uprava_-azurirane-upute-o-racunu.png\" class=\"kb-img wp-image-4800\" srcset=\"https:\/\/dil-93.hr\/cro\/wp-content\/uploads\/2026\/02\/Porezna-uprava_-azurirane-upute-o-racunu.png 1536w, https:\/\/dil-93.hr\/cro\/wp-content\/uploads\/2026\/02\/Porezna-uprava_-azurirane-upute-o-racunu-300x200.png 300w, https:\/\/dil-93.hr\/cro\/wp-content\/uploads\/2026\/02\/Porezna-uprava_-azurirane-upute-o-racunu-1024x683.png 1024w, https:\/\/dil-93.hr\/cro\/wp-content\/uploads\/2026\/02\/Porezna-uprava_-azurirane-upute-o-racunu-768x512.png 768w\" sizes=\"auto, (max-width: 1536px) 100vw, 1536px\" \/><\/figure>\n\n\n\n<h2 class=\"wp-block-heading has--font-size\">Slijednost ra\u010duna <\/h2>\n\n\n<style>.wp-block-kadence-advancedheading.kt-adv-heading4796_12f70c-2d, .wp-block-kadence-advancedheading.kt-adv-heading4796_12f70c-2d[data-kb-block=\"kb-adv-heading4796_12f70c-2d\"]{font-style:normal;}.wp-block-kadence-advancedheading.kt-adv-heading4796_12f70c-2d mark.kt-highlight, .wp-block-kadence-advancedheading.kt-adv-heading4796_12f70c-2d[data-kb-block=\"kb-adv-heading4796_12f70c-2d\"] mark.kt-highlight{font-style:normal;color:#f76a0c;-webkit-box-decoration-break:clone;box-decoration-break:clone;padding-top:0px;padding-right:0px;padding-bottom:0px;padding-left:0px;}.wp-block-kadence-advancedheading.kt-adv-heading4796_12f70c-2d img.kb-inline-image, .wp-block-kadence-advancedheading.kt-adv-heading4796_12f70c-2d[data-kb-block=\"kb-adv-heading4796_12f70c-2d\"] img.kb-inline-image{width:150px;vertical-align:baseline;}<\/style>\n<p class=\"kt-adv-heading4796_12f70c-2d wp-block-kadence-advancedheading\" data-kb-block=\"kb-adv-heading4796_12f70c-2d\">Kako su \u010deste rasprave mo\u017eemo li u istom slijedu imate B2C i B2B ra\u010dune prepisali smo odgovore PU. <br>Tako\u0111er ni\u017ee je navedeno da separator mo\u017ee biti i &#8216;-&#8216;.<br>Navedeno je kopirano sa stranica Porezne uprave 9.2.2026. (<a href=\"https:\/\/porezna-uprava.gov.hr\/hr\/izdavanje-i-primanje-eracuna-i-fiskalizacija-eracuna\/8047\">link<\/a>) A prilo\u017eene su slike ekrana. I ispis stranice u PDF formatu.<\/p>\n\n\n<style>.wp-block-kadence-advancedheading.kt-adv-heading4796_f1e150-3e_0, .wp-block-kadence-advancedheading.kt-adv-heading4796_f1e150-3e_0[data-kb-block=\"kb-adv-heading4796_f1e150-3e_0\"]{font-style:normal;}.wp-block-kadence-advancedheading.kt-adv-heading4796_f1e150-3e_0 mark.kt-highlight, .wp-block-kadence-advancedheading.kt-adv-heading4796_f1e150-3e_0[data-kb-block=\"kb-adv-heading4796_f1e150-3e_0\"] mark.kt-highlight{font-style:normal;color:#f76a0c;-webkit-box-decoration-break:clone;box-decoration-break:clone;padding-top:0px;padding-right:0px;padding-bottom:0px;padding-left:0px;}.wp-block-kadence-advancedheading.kt-adv-heading4796_f1e150-3e_0 img.kb-inline-image, .wp-block-kadence-advancedheading.kt-adv-heading4796_f1e150-3e_0[data-kb-block=\"kb-adv-heading4796_f1e150-3e_0\"] img.kb-inline-image{width:150px;vertical-align:baseline;}<\/style>\n<p class=\"kt-adv-heading4796_f1e150-3e_0 wp-block-kadence-advancedheading\" data-kb-block=\"kb-adv-heading4796_f1e150-3e_0\">1. MORA LI SE KOD IZDANJA ERA\u010cUNA PRIMJENJIVATI PRAVILA O SLJEDNOSTI ERA\u010cUNA?<\/p>\n\n\n<style>.wp-block-kadence-advancedheading.kt-adv-heading4796_f1e150-3e_2, .wp-block-kadence-advancedheading.kt-adv-heading4796_f1e150-3e_2[data-kb-block=\"kb-adv-heading4796_f1e150-3e_2\"]{font-style:normal;}.wp-block-kadence-advancedheading.kt-adv-heading4796_f1e150-3e_2 mark.kt-highlight, .wp-block-kadence-advancedheading.kt-adv-heading4796_f1e150-3e_2[data-kb-block=\"kb-adv-heading4796_f1e150-3e_2\"] mark.kt-highlight{font-style:normal;color:#f76a0c;-webkit-box-decoration-break:clone;box-decoration-break:clone;padding-top:0px;padding-right:0px;padding-bottom:0px;padding-left:0px;}.wp-block-kadence-advancedheading.kt-adv-heading4796_f1e150-3e_2 img.kb-inline-image, .wp-block-kadence-advancedheading.kt-adv-heading4796_f1e150-3e_2[data-kb-block=\"kb-adv-heading4796_f1e150-3e_2\"] img.kb-inline-image{width:150px;vertical-align:baseline;}<\/style>\n<p class=\"kt-adv-heading4796_f1e150-3e_2 wp-block-kadence-advancedheading\" data-kb-block=\"kb-adv-heading4796_f1e150-3e_2\">Prema \u010dlanku 48. stavku 5. Zakona, izdavatelj eRa\u010duna koji je obveznik poreza na dohodak ili poreza na dobit du\u017ean je primijeniti pravila o broju ra\u010duna, oznaci operatera i poslovnom prostoru. To vrijedi neovisno o tome je li upisan u registar obveznika PDV-a. Napominjemo da izdavatelji eRa\u010duna imaju obvezu dono\u0161enja internog akata kojim ure\u0111uju navedena pitanja, ali nisu u obvezi prijave poslovnice Poreznoj upravi.<\/p>\n\n\n<style>.wp-block-kadence-advancedheading.kt-adv-heading4796_f1e150-3e_4, .wp-block-kadence-advancedheading.kt-adv-heading4796_f1e150-3e_4[data-kb-block=\"kb-adv-heading4796_f1e150-3e_4\"]{font-style:normal;}.wp-block-kadence-advancedheading.kt-adv-heading4796_f1e150-3e_4 mark.kt-highlight, .wp-block-kadence-advancedheading.kt-adv-heading4796_f1e150-3e_4[data-kb-block=\"kb-adv-heading4796_f1e150-3e_4\"] mark.kt-highlight{font-style:normal;color:#f76a0c;-webkit-box-decoration-break:clone;box-decoration-break:clone;padding-top:0px;padding-right:0px;padding-bottom:0px;padding-left:0px;}.wp-block-kadence-advancedheading.kt-adv-heading4796_f1e150-3e_4 img.kb-inline-image, .wp-block-kadence-advancedheading.kt-adv-heading4796_f1e150-3e_4[data-kb-block=\"kb-adv-heading4796_f1e150-3e_4\"] img.kb-inline-image{width:150px;vertical-align:baseline;}<\/style>\n<p class=\"kt-adv-heading4796_f1e150-3e_4 wp-block-kadence-advancedheading\" data-kb-block=\"kb-adv-heading4796_f1e150-3e_4\">2. MO\u017dE LI SE PRIMJENJIVATI ISTA SLIJEDNOST RA\u010cUNA ZA RA\u010cUNE U KRAJNJOJ POTRO\u0160NJI I ERA\u010cUNE?<\/p>\n\n\n<style>.wp-block-kadence-advancedheading.kt-adv-heading4796_f1e150-3e_6, .wp-block-kadence-advancedheading.kt-adv-heading4796_f1e150-3e_6[data-kb-block=\"kb-adv-heading4796_f1e150-3e_6\"]{font-style:normal;}.wp-block-kadence-advancedheading.kt-adv-heading4796_f1e150-3e_6 mark.kt-highlight, .wp-block-kadence-advancedheading.kt-adv-heading4796_f1e150-3e_6[data-kb-block=\"kb-adv-heading4796_f1e150-3e_6\"] mark.kt-highlight{font-style:normal;color:#f76a0c;-webkit-box-decoration-break:clone;box-decoration-break:clone;padding-top:0px;padding-right:0px;padding-bottom:0px;padding-left:0px;}.wp-block-kadence-advancedheading.kt-adv-heading4796_f1e150-3e_6 img.kb-inline-image, .wp-block-kadence-advancedheading.kt-adv-heading4796_f1e150-3e_6[data-kb-block=\"kb-adv-heading4796_f1e150-3e_6\"] img.kb-inline-image{width:150px;vertical-align:baseline;}<\/style>\n<p class=\"kt-adv-heading4796_f1e150-3e_6 wp-block-kadence-advancedheading\" data-kb-block=\"kb-adv-heading4796_f1e150-3e_6\">Fiskalizacija ra\u010duna u krajnjoj potro\u0161nji i fiskalizacija eRa\u010duna dva su zasebna postupka. Razlikuju se u na\u010dinu provedbe i obuhvatu podataka, pa stoga zahtijevaju razli\u010dita programska rje\u0161enja.<\/p>\n\n\n<style>.wp-block-kadence-advancedheading.kt-adv-heading4796_f1e150-3e_7, .wp-block-kadence-advancedheading.kt-adv-heading4796_f1e150-3e_7[data-kb-block=\"kb-adv-heading4796_f1e150-3e_7\"]{font-style:normal;}.wp-block-kadence-advancedheading.kt-adv-heading4796_f1e150-3e_7 mark.kt-highlight, .wp-block-kadence-advancedheading.kt-adv-heading4796_f1e150-3e_7[data-kb-block=\"kb-adv-heading4796_f1e150-3e_7\"] mark.kt-highlight{font-style:normal;color:#f76a0c;-webkit-box-decoration-break:clone;box-decoration-break:clone;padding-top:0px;padding-right:0px;padding-bottom:0px;padding-left:0px;}.wp-block-kadence-advancedheading.kt-adv-heading4796_f1e150-3e_7 img.kb-inline-image, .wp-block-kadence-advancedheading.kt-adv-heading4796_f1e150-3e_7[data-kb-block=\"kb-adv-heading4796_f1e150-3e_7\"] img.kb-inline-image{width:150px;vertical-align:baseline;}<\/style>\n<p class=\"kt-adv-heading4796_f1e150-3e_7 wp-block-kadence-advancedheading\" data-kb-block=\"kb-adv-heading4796_f1e150-3e_7\">Dakle, slijednost ra\u010duna treba biti zasebno odre\u0111ena za ra\u010dune koji se izdaju u krajnjoj potro\u0161nji, a zasebno za transakcijski ra\u010dun za koji se izdaje eRa\u010dun te se isto mora propisati u internom aktu.<\/p>\n\n\n<style>.wp-block-kadence-advancedheading.kt-adv-heading4796_f1e150-3e_8, .wp-block-kadence-advancedheading.kt-adv-heading4796_f1e150-3e_8[data-kb-block=\"kb-adv-heading4796_f1e150-3e_8\"]{font-style:normal;}.wp-block-kadence-advancedheading.kt-adv-heading4796_f1e150-3e_8 mark.kt-highlight, .wp-block-kadence-advancedheading.kt-adv-heading4796_f1e150-3e_8[data-kb-block=\"kb-adv-heading4796_f1e150-3e_8\"] mark.kt-highlight{font-style:normal;color:#f76a0c;-webkit-box-decoration-break:clone;box-decoration-break:clone;padding-top:0px;padding-right:0px;padding-bottom:0px;padding-left:0px;}.wp-block-kadence-advancedheading.kt-adv-heading4796_f1e150-3e_8 img.kb-inline-image, .wp-block-kadence-advancedheading.kt-adv-heading4796_f1e150-3e_8[data-kb-block=\"kb-adv-heading4796_f1e150-3e_8\"] img.kb-inline-image{width:150px;vertical-align:baseline;}<\/style>\n<p class=\"kt-adv-heading4796_f1e150-3e_8 wp-block-kadence-advancedheading\" data-kb-block=\"kb-adv-heading4796_f1e150-3e_8\">Teoretski, slijednost bi mogla biti ista ako jedno rje\u0161enje obuhva\u0107a oba postupka. Uvjet je da to bude propisano internim aktom.<\/p>\n\n\n<style>.wp-block-kadence-advancedheading.kt-adv-heading4796_1f4638-f9_0, .wp-block-kadence-advancedheading.kt-adv-heading4796_1f4638-f9_0[data-kb-block=\"kb-adv-heading4796_1f4638-f9_0\"]{font-style:normal;}.wp-block-kadence-advancedheading.kt-adv-heading4796_1f4638-f9_0 mark.kt-highlight, .wp-block-kadence-advancedheading.kt-adv-heading4796_1f4638-f9_0[data-kb-block=\"kb-adv-heading4796_1f4638-f9_0\"] mark.kt-highlight{font-style:normal;color:#f76a0c;-webkit-box-decoration-break:clone;box-decoration-break:clone;padding-top:0px;padding-right:0px;padding-bottom:0px;padding-left:0px;}.wp-block-kadence-advancedheading.kt-adv-heading4796_1f4638-f9_0 img.kb-inline-image, .wp-block-kadence-advancedheading.kt-adv-heading4796_1f4638-f9_0[data-kb-block=\"kb-adv-heading4796_1f4638-f9_0\"] img.kb-inline-image{width:150px;vertical-align:baseline;}<\/style>\n<p class=\"kt-adv-heading4796_1f4638-f9_0 wp-block-kadence-advancedheading\" data-kb-block=\"kb-adv-heading4796_1f4638-f9_0\">5. MORA LI TRODIJELNI FISKALNI BROJ IMATI U SEBI ZNAK  &#8220;\/&#8221; ILI SE MO\u017dE KORISTITI NEKI DRUGI ZNAK NPR. &#8220;-&#8221; ILI &#8220;_&#8221;?<\/p>\n\n\n<style>.wp-block-kadence-advancedheading.kt-adv-heading4796_1f4638-f9_2, .wp-block-kadence-advancedheading.kt-adv-heading4796_1f4638-f9_2[data-kb-block=\"kb-adv-heading4796_1f4638-f9_2\"]{font-style:normal;}.wp-block-kadence-advancedheading.kt-adv-heading4796_1f4638-f9_2 mark.kt-highlight, .wp-block-kadence-advancedheading.kt-adv-heading4796_1f4638-f9_2[data-kb-block=\"kb-adv-heading4796_1f4638-f9_2\"] mark.kt-highlight{font-style:normal;color:#f76a0c;-webkit-box-decoration-break:clone;box-decoration-break:clone;padding-top:0px;padding-right:0px;padding-bottom:0px;padding-left:0px;}.wp-block-kadence-advancedheading.kt-adv-heading4796_1f4638-f9_2 img.kb-inline-image, .wp-block-kadence-advancedheading.kt-adv-heading4796_1f4638-f9_2[data-kb-block=\"kb-adv-heading4796_1f4638-f9_2\"] img.kb-inline-image{width:150px;vertical-align:baseline;}<\/style>\n<p class=\"kt-adv-heading4796_1f4638-f9_2 wp-block-kadence-advancedheading\" data-kb-block=\"kb-adv-heading4796_1f4638-f9_2\">Zakon propisuje trodijelnu strukturu ra\u010duna. To se odnosi na fiskalizaciju ra\u010duna (Fiskalizacija 1.0) i na fiskalizaciju eRa\u010duna (Fiskalizacija 2.0). Propisom nije odre\u0111en znak kojim se odvajaju elementi trodijelne strukture, stoga su obveznici slobodni u na\u010dinu odre\u0111ivanja kojim \u0107e znakom odvojiti strukturu.<\/p>\n\n\n<style>.kb-image4796_901e76-2f .kb-image-has-overlay:after{opacity:0.3;}<\/style>\n<figure class=\"wp-block-kadence-image kb-image4796_901e76-2f size-medium_large\"><img loading=\"lazy\" decoding=\"async\" width=\"768\" height=\"465\" src=\"https:\/\/dil-93.hr\/cro\/wp-content\/uploads\/2026\/02\/slijednostRacuna-768x465.png\" alt=\"Slijednost ra\u010duna\" class=\"kb-img wp-image-4797\" srcset=\"https:\/\/dil-93.hr\/cro\/wp-content\/uploads\/2026\/02\/slijednostRacuna-768x465.png 768w, https:\/\/dil-93.hr\/cro\/wp-content\/uploads\/2026\/02\/slijednostRacuna-300x182.png 300w, https:\/\/dil-93.hr\/cro\/wp-content\/uploads\/2026\/02\/slijednostRacuna-1024x620.png 1024w, https:\/\/dil-93.hr\/cro\/wp-content\/uploads\/2026\/02\/slijednostRacuna-1536x930.png 1536w, https:\/\/dil-93.hr\/cro\/wp-content\/uploads\/2026\/02\/slijednostRacuna.png 1655w\" sizes=\"auto, (max-width: 768px) 100vw, 768px\" \/><figcaption>Slijednost ra\u010duna<\/figcaption><\/figure>\n\n\n<style>.kb-image4796_c7f773-a6 .kb-image-has-overlay:after{opacity:0.3;}<\/style>\n<figure class=\"wp-block-kadence-image kb-image4796_c7f773-a6 size-medium_large\"><img loading=\"lazy\" decoding=\"async\" width=\"768\" height=\"244\" src=\"https:\/\/dil-93.hr\/cro\/wp-content\/uploads\/2026\/02\/fiskalni-Znak-768x244.png\" alt=\"Fiskalni znak\" class=\"kb-img wp-image-4798\" srcset=\"https:\/\/dil-93.hr\/cro\/wp-content\/uploads\/2026\/02\/fiskalni-Znak-768x244.png 768w, https:\/\/dil-93.hr\/cro\/wp-content\/uploads\/2026\/02\/fiskalni-Znak-300x95.png 300w, https:\/\/dil-93.hr\/cro\/wp-content\/uploads\/2026\/02\/fiskalni-Znak-1024x325.png 1024w, https:\/\/dil-93.hr\/cro\/wp-content\/uploads\/2026\/02\/fiskalni-Znak.png 1143w\" sizes=\"auto, (max-width: 768px) 100vw, 768px\" \/><figcaption>Fiskalni znak<\/figcaption><\/figure>\n\n\n<style>.wp-block-kadence-advancedheading.kt-adv-heading4796_cdb185-04, .wp-block-kadence-advancedheading.kt-adv-heading4796_cdb185-04[data-kb-block=\"kb-adv-heading4796_cdb185-04\"]{font-style:normal;}.wp-block-kadence-advancedheading.kt-adv-heading4796_cdb185-04 mark.kt-highlight, .wp-block-kadence-advancedheading.kt-adv-heading4796_cdb185-04[data-kb-block=\"kb-adv-heading4796_cdb185-04\"] mark.kt-highlight{font-style:normal;color:#f76a0c;-webkit-box-decoration-break:clone;box-decoration-break:clone;padding-top:0px;padding-right:0px;padding-bottom:0px;padding-left:0px;}.wp-block-kadence-advancedheading.kt-adv-heading4796_cdb185-04 img.kb-inline-image, .wp-block-kadence-advancedheading.kt-adv-heading4796_cdb185-04[data-kb-block=\"kb-adv-heading4796_cdb185-04\"] img.kb-inline-image{width:150px;vertical-align:baseline;}<\/style>\n<p class=\"kt-adv-heading4796_cdb185-04 wp-block-kadence-advancedheading\" data-kb-block=\"kb-adv-heading4796_cdb185-04\"><\/p>\n","protected":false},"excerpt":{"rendered":"<p>Slijednost ra\u010duna Kako su \u010deste rasprave mo\u017eemo li u istom slijedu imate B2C i B2B ra\u010dune prepisali smo odgovore PU. Tako\u0111er ni\u017ee je navedeno da separator mo\u017ee biti i &#8216;-&#8216;.Navedeno&#8230;<\/p>\n","protected":false},"author":1,"featured_media":4800,"comment_status":"closed","ping_status":"closed","sticky":true,"template":"","format":"standard","meta":{"_kad_blocks_custom_css":"","_kad_blocks_head_custom_js":"","_kad_blocks_body_custom_js":"","_kad_blocks_footer_custom_js":"","_kadence_starter_templates_imported_post":false,"_kad_post_transparent":"","_kad_post_title":"","_kad_post_layout":"","_kad_post_sidebar_id":"","_kad_post_content_style":"","_kad_post_vertical_padding":"","_kad_post_feature":"","_kad_post_feature_position":"","_kad_post_header":false,"_kad_post_footer":false,"_kad_post_classname":"","footnotes":""},"categories":[1,123],"tags":[],"class_list":["post-4796","post","type-post","status-publish","format-standard","has-post-thumbnail","hentry","category-uncategorized","category-fiskalizacija"],"yoast_head":"<!-- This site is optimized with the Yoast SEO Premium plugin v19.5 (Yoast SEO v28.3) - https:\/\/yoast.com\/product\/yoast-seo-premium-wordpress\/ -->\n<title>Slijednost ra\u010duna (A\u017eurirano 5.2.2026.) - Dil-93<\/title>\n<meta name=\"description\" content=\"Mogu li B2C i eRa\u010duni (B2B) imati istu slijednost ra\u010duna? Koji separator je dopu\u0161ten u fiskalnom broju? Odgovori Porezne uprave za fiskalizaciju 2.0.\" \/>\n<meta name=\"robots\" content=\"index, follow, max-snippet:-1, max-image-preview:large, max-video-preview:-1\" \/>\n<link rel=\"canonical\" href=\"https:\/\/dil-93.hr\/cro\/slijednost-racuna-azurirano-5-2-2026\/\" \/>\n<meta property=\"og:locale\" content=\"hr_HR\" \/>\n<meta property=\"og:type\" content=\"article\" \/>\n<meta property=\"og:title\" content=\"Slijednost ra\u010duna (A\u017eurirano 5.2.2026.)\" \/>\n<meta property=\"og:description\" content=\"Mogu li B2C i eRa\u010duni (B2B) imati istu slijednost ra\u010duna? Koji separator je dopu\u0161ten u fiskalnom broju? Odgovori Porezne uprave za fiskalizaciju 2.0.\" \/>\n<meta property=\"og:url\" content=\"https:\/\/dil-93.hr\/cro\/slijednost-racuna-azurirano-5-2-2026\/\" \/>\n<meta property=\"og:site_name\" content=\"Dil-93\" \/>\n<meta property=\"article:published_time\" content=\"2026-02-09T17:21:30+00:00\" \/>\n<meta property=\"article:modified_time\" content=\"2026-07-01T11:15:34+00:00\" \/>\n<meta property=\"og:image\" content=\"https:\/\/dil-93.hr\/cro\/wp-content\/uploads\/2026\/02\/Porezna-uprava_-azurirane-upute-o-racunu.png\" \/>\n\t<meta property=\"og:image:width\" content=\"1536\" \/>\n\t<meta property=\"og:image:height\" content=\"1024\" \/>\n\t<meta property=\"og:image:type\" content=\"image\/png\" \/>\n<meta name=\"author\" content=\"AdminD\" \/>\n<meta name=\"twitter:card\" content=\"summary_large_image\" \/>\n<meta name=\"twitter:label1\" content=\"Napisao\/la\" \/>\n\t<meta name=\"twitter:data1\" content=\"AdminD\" \/>\n\t<meta name=\"twitter:label2\" content=\"Procijenjeno vrijeme \u010ditanja\" \/>\n\t<meta name=\"twitter:data2\" content=\"3 minute\" \/>\n<script type=\"application\/ld+json\" class=\"yoast-schema-graph\">{\"@context\":\"https:\\\/\\\/schema.org\",\"@graph\":[{\"@type\":\"Article\",\"@id\":\"https:\\\/\\\/dil-93.hr\\\/cro\\\/slijednost-racuna-azurirano-5-2-2026\\\/#article\",\"isPartOf\":{\"@id\":\"https:\\\/\\\/dil-93.hr\\\/cro\\\/slijednost-racuna-azurirano-5-2-2026\\\/\"},\"author\":{\"name\":\"AdminD\",\"@id\":\"https:\\\/\\\/dil-93.hr\\\/cro\\\/#\\\/schema\\\/person\\\/12a0df01dba31960d51b24f6f36df568\"},\"headline\":\"Slijednost ra\u010duna (A\u017eurirano 5.2.2026.)\",\"datePublished\":\"2026-02-09T17:21:30+00:00\",\"dateModified\":\"2026-07-01T11:15:34+00:00\",\"mainEntityOfPage\":{\"@id\":\"https:\\\/\\\/dil-93.hr\\\/cro\\\/slijednost-racuna-azurirano-5-2-2026\\\/\"},\"wordCount\":325,\"publisher\":{\"@id\":\"https:\\\/\\\/dil-93.hr\\\/cro\\\/#organization\"},\"image\":{\"@id\":\"https:\\\/\\\/dil-93.hr\\\/cro\\\/slijednost-racuna-azurirano-5-2-2026\\\/#primaryimage\"},\"thumbnailUrl\":\"https:\\\/\\\/dil-93.hr\\\/cro\\\/wp-content\\\/uploads\\\/2026\\\/02\\\/Porezna-uprava_-azurirane-upute-o-racunu.png\",\"articleSection\":[\"Bez kategorije\",\"Fiskalizacija 2.0\"],\"inLanguage\":\"hr\"},{\"@type\":\"WebPage\",\"@id\":\"https:\\\/\\\/dil-93.hr\\\/cro\\\/slijednost-racuna-azurirano-5-2-2026\\\/\",\"url\":\"https:\\\/\\\/dil-93.hr\\\/cro\\\/slijednost-racuna-azurirano-5-2-2026\\\/\",\"name\":\"Slijednost ra\u010duna (A\u017eurirano 5.2.2026.) - Dil-93\",\"isPartOf\":{\"@id\":\"https:\\\/\\\/dil-93.hr\\\/cro\\\/#website\"},\"primaryImageOfPage\":{\"@id\":\"https:\\\/\\\/dil-93.hr\\\/cro\\\/slijednost-racuna-azurirano-5-2-2026\\\/#primaryimage\"},\"image\":{\"@id\":\"https:\\\/\\\/dil-93.hr\\\/cro\\\/slijednost-racuna-azurirano-5-2-2026\\\/#primaryimage\"},\"thumbnailUrl\":\"https:\\\/\\\/dil-93.hr\\\/cro\\\/wp-content\\\/uploads\\\/2026\\\/02\\\/Porezna-uprava_-azurirane-upute-o-racunu.png\",\"datePublished\":\"2026-02-09T17:21:30+00:00\",\"dateModified\":\"2026-07-01T11:15:34+00:00\",\"description\":\"Mogu li B2C i eRa\u010duni (B2B) imati istu slijednost ra\u010duna? Koji separator je dopu\u0161ten u fiskalnom broju? Odgovori Porezne uprave za fiskalizaciju 2.0.\",\"breadcrumb\":{\"@id\":\"https:\\\/\\\/dil-93.hr\\\/cro\\\/slijednost-racuna-azurirano-5-2-2026\\\/#breadcrumb\"},\"inLanguage\":\"hr\",\"potentialAction\":[{\"@type\":\"ReadAction\",\"target\":[\"https:\\\/\\\/dil-93.hr\\\/cro\\\/slijednost-racuna-azurirano-5-2-2026\\\/\"]}]},{\"@type\":\"ImageObject\",\"inLanguage\":\"hr\",\"@id\":\"https:\\\/\\\/dil-93.hr\\\/cro\\\/slijednost-racuna-azurirano-5-2-2026\\\/#primaryimage\",\"url\":\"https:\\\/\\\/dil-93.hr\\\/cro\\\/wp-content\\\/uploads\\\/2026\\\/02\\\/Porezna-uprava_-azurirane-upute-o-racunu.png\",\"contentUrl\":\"https:\\\/\\\/dil-93.hr\\\/cro\\\/wp-content\\\/uploads\\\/2026\\\/02\\\/Porezna-uprava_-azurirane-upute-o-racunu.png\",\"width\":1536,\"height\":1024},{\"@type\":\"BreadcrumbList\",\"@id\":\"https:\\\/\\\/dil-93.hr\\\/cro\\\/slijednost-racuna-azurirano-5-2-2026\\\/#breadcrumb\",\"itemListElement\":[{\"@type\":\"ListItem\",\"position\":1,\"name\":\"Home\",\"item\":\"https:\\\/\\\/dil-93.hr\\\/cro\\\/\"},{\"@type\":\"ListItem\",\"position\":2,\"name\":\"Slijednost ra\u010duna (A\u017eurirano 5.2.2026.)\"}]},{\"@type\":\"WebSite\",\"@id\":\"https:\\\/\\\/dil-93.hr\\\/cro\\\/#website\",\"url\":\"https:\\\/\\\/dil-93.hr\\\/cro\\\/\",\"name\":\"Dil-93\",\"description\":\"Informati\u010dki in\u017einjering i usluge\",\"publisher\":{\"@id\":\"https:\\\/\\\/dil-93.hr\\\/cro\\\/#organization\"},\"potentialAction\":[{\"@type\":\"SearchAction\",\"target\":{\"@type\":\"EntryPoint\",\"urlTemplate\":\"https:\\\/\\\/dil-93.hr\\\/cro\\\/?s={search_term_string}\"},\"query-input\":{\"@type\":\"PropertyValueSpecification\",\"valueRequired\":true,\"valueName\":\"search_term_string\"}}],\"inLanguage\":\"hr\"},{\"@type\":\"Organization\",\"@id\":\"https:\\\/\\\/dil-93.hr\\\/cro\\\/#organization\",\"name\":\"Dil-93 d.o.o.\",\"url\":\"https:\\\/\\\/dil-93.hr\\\/cro\\\/\",\"logo\":{\"@type\":\"ImageObject\",\"inLanguage\":\"hr\",\"@id\":\"https:\\\/\\\/dil-93.hr\\\/cro\\\/#\\\/schema\\\/logo\\\/image\\\/\",\"url\":\"https:\\\/\\\/dil-93.hr\\\/cro\\\/wp-content\\\/uploads\\\/2022\\\/04\\\/dil_logo_stari_cisti_favicon.png\",\"contentUrl\":\"https:\\\/\\\/dil-93.hr\\\/cro\\\/wp-content\\\/uploads\\\/2022\\\/04\\\/dil_logo_stari_cisti_favicon.png\",\"width\":512,\"height\":512,\"caption\":\"Dil-93 d.o.o.\"},\"image\":{\"@id\":\"https:\\\/\\\/dil-93.hr\\\/cro\\\/#\\\/schema\\\/logo\\\/image\\\/\"}},{\"@type\":\"Person\",\"@id\":\"https:\\\/\\\/dil-93.hr\\\/cro\\\/#\\\/schema\\\/person\\\/12a0df01dba31960d51b24f6f36df568\",\"name\":\"AdminD\",\"image\":{\"@type\":\"ImageObject\",\"inLanguage\":\"hr\",\"@id\":\"https:\\\/\\\/dil-93.hr\\\/cro\\\/wp-content\\\/litespeed\\\/avatar\\\/90ab07c8e0ae3aa1410bd5d2be7af37a.jpg?ver=1787789224\",\"url\":\"https:\\\/\\\/dil-93.hr\\\/cro\\\/wp-content\\\/litespeed\\\/avatar\\\/90ab07c8e0ae3aa1410bd5d2be7af37a.jpg?ver=1787789224\",\"contentUrl\":\"https:\\\/\\\/dil-93.hr\\\/cro\\\/wp-content\\\/litespeed\\\/avatar\\\/90ab07c8e0ae3aa1410bd5d2be7af37a.jpg?ver=1787789224\",\"caption\":\"AdminD\"},\"sameAs\":[\"https:\\\/\\\/dil-93.hr\\\/cro\"],\"url\":\"https:\\\/\\\/dil-93.hr\\\/cro\\\/author\\\/admindil\\\/\"}]}<\/script>\n<!-- \/ Yoast SEO Premium plugin. -->","yoast_head_json":{"title":"Slijednost ra\u010duna (A\u017eurirano 5.2.2026.) - Dil-93","description":"Mogu li B2C i eRa\u010duni (B2B) imati istu slijednost ra\u010duna? Koji separator je dopu\u0161ten u fiskalnom broju? Odgovori Porezne uprave za fiskalizaciju 2.0.","robots":{"index":"index","follow":"follow","max-snippet":"max-snippet:-1","max-image-preview":"max-image-preview:large","max-video-preview":"max-video-preview:-1"},"canonical":"https:\/\/dil-93.hr\/cro\/slijednost-racuna-azurirano-5-2-2026\/","og_locale":"hr_HR","og_type":"article","og_title":"Slijednost ra\u010duna (A\u017eurirano 5.2.2026.)","og_description":"Mogu li B2C i eRa\u010duni (B2B) imati istu slijednost ra\u010duna? Koji separator je dopu\u0161ten u fiskalnom broju? Odgovori Porezne uprave za fiskalizaciju 2.0.","og_url":"https:\/\/dil-93.hr\/cro\/slijednost-racuna-azurirano-5-2-2026\/","og_site_name":"Dil-93","article_published_time":"2026-02-09T17:21:30+00:00","article_modified_time":"2026-07-01T11:15:34+00:00","og_image":[{"width":1536,"height":1024,"url":"https:\/\/dil-93.hr\/cro\/wp-content\/uploads\/2026\/02\/Porezna-uprava_-azurirane-upute-o-racunu.png","type":"image\/png"}],"author":"AdminD","twitter_card":"summary_large_image","twitter_misc":{"Napisao\/la":"AdminD","Procijenjeno vrijeme \u010ditanja":"3 minute"},"schema":{"@context":"https:\/\/schema.org","@graph":[{"@type":"Article","@id":"https:\/\/dil-93.hr\/cro\/slijednost-racuna-azurirano-5-2-2026\/#article","isPartOf":{"@id":"https:\/\/dil-93.hr\/cro\/slijednost-racuna-azurirano-5-2-2026\/"},"author":{"name":"AdminD","@id":"https:\/\/dil-93.hr\/cro\/#\/schema\/person\/12a0df01dba31960d51b24f6f36df568"},"headline":"Slijednost ra\u010duna (A\u017eurirano 5.2.2026.)","datePublished":"2026-02-09T17:21:30+00:00","dateModified":"2026-07-01T11:15:34+00:00","mainEntityOfPage":{"@id":"https:\/\/dil-93.hr\/cro\/slijednost-racuna-azurirano-5-2-2026\/"},"wordCount":325,"publisher":{"@id":"https:\/\/dil-93.hr\/cro\/#organization"},"image":{"@id":"https:\/\/dil-93.hr\/cro\/slijednost-racuna-azurirano-5-2-2026\/#primaryimage"},"thumbnailUrl":"https:\/\/dil-93.hr\/cro\/wp-content\/uploads\/2026\/02\/Porezna-uprava_-azurirane-upute-o-racunu.png","articleSection":["Bez kategorije","Fiskalizacija 2.0"],"inLanguage":"hr"},{"@type":"WebPage","@id":"https:\/\/dil-93.hr\/cro\/slijednost-racuna-azurirano-5-2-2026\/","url":"https:\/\/dil-93.hr\/cro\/slijednost-racuna-azurirano-5-2-2026\/","name":"Slijednost ra\u010duna (A\u017eurirano 5.2.2026.) - Dil-93","isPartOf":{"@id":"https:\/\/dil-93.hr\/cro\/#website"},"primaryImageOfPage":{"@id":"https:\/\/dil-93.hr\/cro\/slijednost-racuna-azurirano-5-2-2026\/#primaryimage"},"image":{"@id":"https:\/\/dil-93.hr\/cro\/slijednost-racuna-azurirano-5-2-2026\/#primaryimage"},"thumbnailUrl":"https:\/\/dil-93.hr\/cro\/wp-content\/uploads\/2026\/02\/Porezna-uprava_-azurirane-upute-o-racunu.png","datePublished":"2026-02-09T17:21:30+00:00","dateModified":"2026-07-01T11:15:34+00:00","description":"Mogu li B2C i eRa\u010duni (B2B) imati istu slijednost ra\u010duna? Koji separator je dopu\u0161ten u fiskalnom broju? Odgovori Porezne uprave za fiskalizaciju 2.0.","breadcrumb":{"@id":"https:\/\/dil-93.hr\/cro\/slijednost-racuna-azurirano-5-2-2026\/#breadcrumb"},"inLanguage":"hr","potentialAction":[{"@type":"ReadAction","target":["https:\/\/dil-93.hr\/cro\/slijednost-racuna-azurirano-5-2-2026\/"]}]},{"@type":"ImageObject","inLanguage":"hr","@id":"https:\/\/dil-93.hr\/cro\/slijednost-racuna-azurirano-5-2-2026\/#primaryimage","url":"https:\/\/dil-93.hr\/cro\/wp-content\/uploads\/2026\/02\/Porezna-uprava_-azurirane-upute-o-racunu.png","contentUrl":"https:\/\/dil-93.hr\/cro\/wp-content\/uploads\/2026\/02\/Porezna-uprava_-azurirane-upute-o-racunu.png","width":1536,"height":1024},{"@type":"BreadcrumbList","@id":"https:\/\/dil-93.hr\/cro\/slijednost-racuna-azurirano-5-2-2026\/#breadcrumb","itemListElement":[{"@type":"ListItem","position":1,"name":"Home","item":"https:\/\/dil-93.hr\/cro\/"},{"@type":"ListItem","position":2,"name":"Slijednost ra\u010duna (A\u017eurirano 5.2.2026.)"}]},{"@type":"WebSite","@id":"https:\/\/dil-93.hr\/cro\/#website","url":"https:\/\/dil-93.hr\/cro\/","name":"Dil-93","description":"Informati\u010dki in\u017einjering i usluge","publisher":{"@id":"https:\/\/dil-93.hr\/cro\/#organization"},"potentialAction":[{"@type":"SearchAction","target":{"@type":"EntryPoint","urlTemplate":"https:\/\/dil-93.hr\/cro\/?s={search_term_string}"},"query-input":{"@type":"PropertyValueSpecification","valueRequired":true,"valueName":"search_term_string"}}],"inLanguage":"hr"},{"@type":"Organization","@id":"https:\/\/dil-93.hr\/cro\/#organization","name":"Dil-93 d.o.o.","url":"https:\/\/dil-93.hr\/cro\/","logo":{"@type":"ImageObject","inLanguage":"hr","@id":"https:\/\/dil-93.hr\/cro\/#\/schema\/logo\/image\/","url":"https:\/\/dil-93.hr\/cro\/wp-content\/uploads\/2022\/04\/dil_logo_stari_cisti_favicon.png","contentUrl":"https:\/\/dil-93.hr\/cro\/wp-content\/uploads\/2022\/04\/dil_logo_stari_cisti_favicon.png","width":512,"height":512,"caption":"Dil-93 d.o.o."},"image":{"@id":"https:\/\/dil-93.hr\/cro\/#\/schema\/logo\/image\/"}},{"@type":"Person","@id":"https:\/\/dil-93.hr\/cro\/#\/schema\/person\/12a0df01dba31960d51b24f6f36df568","name":"AdminD","image":{"@type":"ImageObject","inLanguage":"hr","@id":"https:\/\/dil-93.hr\/cro\/wp-content\/litespeed\/avatar\/90ab07c8e0ae3aa1410bd5d2be7af37a.jpg?ver=1787789224","url":"https:\/\/dil-93.hr\/cro\/wp-content\/litespeed\/avatar\/90ab07c8e0ae3aa1410bd5d2be7af37a.jpg?ver=1787789224","contentUrl":"https:\/\/dil-93.hr\/cro\/wp-content\/litespeed\/avatar\/90ab07c8e0ae3aa1410bd5d2be7af37a.jpg?ver=1787789224","caption":"AdminD"},"sameAs":["https:\/\/dil-93.hr\/cro"],"url":"https:\/\/dil-93.hr\/cro\/author\/admindil\/"}]}},"taxonomy_info":{"category":[{"value":1,"label":"Bez kategorije"},{"value":123,"label":"Fiskalizacija 2.0"}]},"featured_image_src_large":["https:\/\/dil-93.hr\/cro\/wp-content\/uploads\/2026\/02\/Porezna-uprava_-azurirane-upute-o-racunu-1024x683.png",1024,683,true],"author_info":{"display_name":"AdminD","author_link":"https:\/\/dil-93.hr\/cro\/author\/admindil\/"},"comment_info":0,"category_info":[{"term_id":1,"name":"Bez kategorije","slug":"uncategorized","term_group":0,"term_taxonomy_id":1,"taxonomy":"category","description":"","parent":0,"count":6,"filter":"raw","cat_ID":1,"category_count":6,"category_description":"","cat_name":"Bez kategorije","category_nicename":"uncategorized","category_parent":0},{"term_id":123,"name":"Fiskalizacija 2.0","slug":"fiskalizacija","term_group":0,"term_taxonomy_id":123,"taxonomy":"category","description":"Vijesti vezane uz fiskalizaciju 2.0","parent":0,"count":5,"filter":"raw","cat_ID":123,"category_count":5,"category_description":"Vijesti vezane uz fiskalizaciju 2.0","cat_name":"Fiskalizacija 2.0","category_nicename":"fiskalizacija","category_parent":0}],"tag_info":false,"_links":{"self":[{"href":"https:\/\/dil-93.hr\/cro\/wp-json\/wp\/v2\/posts\/4796","targetHints":{"allow":["GET"]}}],"collection":[{"href":"https:\/\/dil-93.hr\/cro\/wp-json\/wp\/v2\/posts"}],"about":[{"href":"https:\/\/dil-93.hr\/cro\/wp-json\/wp\/v2\/types\/post"}],"author":[{"embeddable":true,"href":"https:\/\/dil-93.hr\/cro\/wp-json\/wp\/v2\/users\/1"}],"replies":[{"embeddable":true,"href":"https:\/\/dil-93.hr\/cro\/wp-json\/wp\/v2\/comments?post=4796"}],"version-history":[{"count":2,"href":"https:\/\/dil-93.hr\/cro\/wp-json\/wp\/v2\/posts\/4796\/revisions"}],"predecessor-version":[{"id":5462,"href":"https:\/\/dil-93.hr\/cro\/wp-json\/wp\/v2\/posts\/4796\/revisions\/5462"}],"wp:featuredmedia":[{"embeddable":true,"href":"https:\/\/dil-93.hr\/cro\/wp-json\/wp\/v2\/media\/4800"}],"wp:attachment":[{"href":"https:\/\/dil-93.hr\/cro\/wp-json\/wp\/v2\/media?parent=4796"}],"wp:term":[{"taxonomy":"category","embeddable":true,"href":"https:\/\/dil-93.hr\/cro\/wp-json\/wp\/v2\/categories?post=4796"},{"taxonomy":"post_tag","embeddable":true,"href":"https:\/\/dil-93.hr\/cro\/wp-json\/wp\/v2\/tags?post=4796"}],"curies":[{"name":"wp","href":"https:\/\/api.w.org\/{rel}","templated":true}]}}